{"id":505,"date":"2025-01-01T15:55:40","date_gmt":"2025-01-01T15:55:40","guid":{"rendered":"https:\/\/freshturkiyemagazine.com\/?p=505"},"modified":"2026-03-05T17:56:05","modified_gmt":"2026-03-05T17:56:05","slug":"turkiyenin-bereketli-topraklari","status":"publish","type":"post","link":"https:\/\/freshturkiyemagazine.com\/index.php\/2025\/01\/01\/turkiyenin-bereketli-topraklari\/","title":{"rendered":"T\u00fcrkiye&#8217;nin Bereketli Topraklar\u0131"},"content":{"rendered":"<p class=\"s3\"><span class=\"s2\">T\u00fcrkiye\u2019nin bereketli topraklar\u0131, tarih boyunca bir\u00e7ok medeniyete hayat vermi\u015ftir. Bu miras\u0131n \u00f6nemli temsilcilerinden biri de Isparta\u2019d\u0131r. Isparta, T\u00fcrkiye&#8217;nin Akdeniz B\u00f6lgesi&#8217;nde yer alan ve \u00f6zellikle g\u00fcl\u00fc ile tan\u0131nan bir ildir. Bu nedenle &#8220;G\u00fcller Diyar\u0131&#8221; olarak an\u0131l\u0131r.<\/span><\/p>\n<p class=\"s3\"><span class=\"s2\">Isparta, tar\u0131msal zenginlikleri ve yenilik\u00e7i \u00fcretim y\u00f6ntemleriyle T\u00fcrkiye\u2019nin en \u00f6nemli tar\u0131m \u015fehirlerinden biri olarak \u00f6ne \u00e7\u0131kar. Bug\u00fcn, bu sekt\u00f6r yaln\u0131zca yerel pazarlara de\u011fil, ayn\u0131 zamanda uluslararas\u0131 ihracat alan\u0131na da h\u0131zla a\u00e7\u0131lmaktad\u0131r. G\u00fcller Diyar\u0131 olarak bilinen bu g\u00fczel \u015fehrimiz, elma \u00fcretiminde<\/span><span class=\"s2\">T\u00fcrkiye\u2019nin lider \u015feh<\/span><span class=\"s2\"> biridir. Ayn\u0131 zamanda lavanta, kiraz, kay\u0131s\u0131, vi\u015fne, barbunya, karanfil, \u00e7ilek, domates, salatal\u0131k, biber\u2026 vb. \u00fcretimi ile de ilin \u00f6nemli ge\u00e7im kaynaklar\u0131 aras\u0131ndad\u0131r.<\/span><\/p>\n<p class=\"s3\"><span class=\"s2\"><img loading=\"lazy\" decoding=\"async\" class=\"size-medium wp-image-764 alignleft\" src=\"https:\/\/freshturkiyemagazine.com\/wp-content\/uploads\/2025\/01\/apples-tree-200x300.jpg\" alt=\"\" width=\"200\" height=\"300\" srcset=\"https:\/\/freshturkiyemagazine.com\/wp-content\/uploads\/2025\/01\/apples-tree-200x300.jpg 200w, https:\/\/freshturkiyemagazine.com\/wp-content\/uploads\/2025\/01\/apples-tree-683x1024.jpg 683w, https:\/\/freshturkiyemagazine.com\/wp-content\/uploads\/2025\/01\/apples-tree-768x1152.jpg 768w, https:\/\/freshturkiyemagazine.com\/wp-content\/uploads\/2025\/01\/apples-tree-1024x1536.jpg 1024w, https:\/\/freshturkiyemagazine.com\/wp-content\/uploads\/2025\/01\/apples-tree-1365x2048.jpg 1365w, https:\/\/freshturkiyemagazine.com\/wp-content\/uploads\/2025\/01\/apples-tree-280x420.jpg 280w, https:\/\/freshturkiyemagazine.com\/wp-content\/uploads\/2025\/01\/apples-tree-696x1044.jpg 696w, https:\/\/freshturkiyemagazine.com\/wp-content\/uploads\/2025\/01\/apples-tree-1068x1602.jpg 1068w, https:\/\/freshturkiyemagazine.com\/wp-content\/uploads\/2025\/01\/apples-tree-1920x2880.jpg 1920w, https:\/\/freshturkiyemagazine.com\/wp-content\/uploads\/2025\/01\/apples-tree-scaled.jpg 1707w\" sizes=\"auto, (max-width: 200px) 100vw, 200px\" \/>Isparta\u2019n\u0131n d\u00fcnya \u00e7ap\u0131nda tan\u0131nmas\u0131n\u0131n arkas\u0131nda, g\u00fcl ve elma \u00fcretimi b\u00fcy\u00fck bir rol oynar. <\/span><span class=\"s2\">\u0130limiz 35 bin dekar alan ve yakla\u015f\u0131k 10 bin ton civar\u0131nda g\u00fcl \u00fcretimi ile \u00fclkemizin %85\u2019ini d\u00fcnyan\u0131nsa yakla\u015f\u0131k %50\u2019sini \u00fcretmektedir. <\/span><span class=\"s2\">\u00a0<\/span><\/p>\n<p class=\"s3\"><span class=\"s2\">Elma, d\u00fcnyada yayg\u0131n olarak tar\u0131m\u0131 yap\u0131lan bir meyvedir. FAO&#8217;ya g\u00f6re, muz ve \u00fcz\u00fcm\u00fcn ard\u0131ndan en fazla \u00fcretilen \u00fc\u00e7\u00fcnc\u00fc meyvedir. T\u00fcrkiye, d\u00fcnya elma \u00fcretiminde ikinci s\u0131rada yer almaktad\u0131r. 1 milyon 675 bin dekar alanda 4,6 milyon ton elma \u00fcretim kapasitesiyle T\u00fcrkiye, Isparta\u2019n\u0131n 1 milyon 170 bin ton elma \u00fcretimi ile \u00fclkemizin birinci s\u0131ras\u0131nda yer almas\u0131n\u0131 sa\u011flamaktad\u0131r. Her y\u0131l artan \u00fcretim rakamlar\u0131 ile birlikte ihracat rakamlar\u0131 da art\u0131\u015f g\u00f6stermektedir. \u00dcretimle birlikte b\u00fcy\u00fcyen ihracat hacmiyle T\u00fcrkiye, 2023 y\u0131l\u0131 itibariyle d\u00fcnyada onuncu b\u00fcy\u00fck ihracat\u00e7\u0131 olmu\u015ftur.<\/span><\/p>\n<p class=\"s3\"><span class=\"s2\">Isparta, e<\/span><span class=\"s2\">lma \u00fcretimi ve ticareti so\u011fuk hava deposu yat\u0131r\u0131mlar\u0131n\u0131n da geli\u015fimini sa\u011flam\u0131\u015ft\u0131r.<\/span><span class=\"s2\"> Yakla\u015f\u0131k 120 adet so\u011fuk hava deposu, <\/span><span class=\"s2\">yakla\u015f\u0131k 600<\/span><span class=\"s2\"> bin tonluk saklama kapasitesiyle<\/span><span class=\"s2\"> \u00fclkemizin en b\u00fcy\u00fck so\u011fuk<\/span><span class=\"s2\">hava deposu altyap\u0131s\u0131na sahip ili<\/span><span class=\"s2\"> haline gelmi\u015ftir.<\/span><\/p>\n<p class=\"s3\"><span class=\"s2\">Isparta ekonomisi b\u00fcy\u00fck \u00f6l\u00e7\u00fcde tar\u0131m, hayvanc\u0131l\u0131k ve ticarete dayan\u0131r. \u0130<\/span><span class=\"s2\">klim \u00f6zellikleri, verimli toprak yap\u0131s\u0131 ve konumu ile Akdeniz iklimi ve karasal iklim aras\u0131nda ge\u00e7i\u015f b\u00f6lgesi olmas\u0131 nedeniyle T\u00fcrkiye\u2019nin<\/span><span class=\"s2\"> \u00f6zel tar\u0131m b\u00f6lgelerindendir. 2,<\/span><span class=\"s2\">6<\/span><span class=\"s2\"> bin tonluk lavanta, 11 bin<\/span><span class=\"s2\"> tonluk barbunya, 11<\/span><span class=\"s2\">,<\/span><span class=\"s2\">4<\/span><span class=\"s2\"> bin<\/span><span class=\"s2\"> tonluk vi\u015fne, 46<\/span><span class=\"s2\">,<\/span><span class=\"s2\">5<\/span><span class=\"s2\"> bin<\/span><span class=\"s2\"> tonluk kiraz ve 34<\/span><span class=\"s2\"> bin<\/span><span class=\"s2\"> tonluk kay\u0131s\u0131 \u00fcretimiyle ulusal ve uluslararas\u0131 pazarlarda \u00f6nemli bir yer tutmaktad\u0131r.<\/span><span class=\"s2\"> Ayr\u0131ca, g<\/span><span class=\"s2\">\u00f6ller y\u00f6resinde yer almas\u0131 su \u00fcr\u00fcnleri yeti\u015ftiricili\u011fi i\u00e7in \u00f6nemli bir yere sahiptir. <\/span><span class=\"s2\">\u00d6zellikle Kerevit, sudak, g\u00fcm\u00fc\u015f, <\/span><span class=\"s2\">havuz bal\u0131\u011f\u0131 ve alabal\u0131k \u00fcretiminde \u00f6n s\u0131ralarda yer almaktad\u0131r.<\/span><\/p>\n<p class=\"s3\"><span class=\"s2\">Tar\u0131m sekt\u00f6r\u00fc a\u00e7\u0131s\u0131ndan \u00f6nemli bir \u015fehir olan Isparta\u2019da sekt\u00f6r\u00fcn\u00fcn k\u00f6kl\u00fc kurumlar\u0131ndan birisi de 1996 y\u0131l\u0131nda kurulmu\u015f olan Isparta Ticaret Borsas\u0131\u2019d\u0131r. <\/span><span class=\"s2\">Tar\u0131mc\u0131l\u0131\u011f\u0131n geli\u015fmesi, ihracat\u0131n artmas\u0131 ve yeni ihracat kap\u0131lar\u0131n\u0131n aralanmas\u0131 y\u00f6n\u00fcnde \u00f6nc\u00fc kurulu\u015flar aras\u0131nd<\/span><span class=\"s2\">a yer almaktad\u0131r. Bir\u00e7ok proje i\u00e7erisinde bulunmu\u015f <\/span><span class=\"s2\">ve Isparta\u2019n\u0131n kalk\u0131nmas\u0131nda payda\u015flar\u0131yla i\u015f birli\u011fi i\u00e7inde hareket etmi\u015ftir.<\/span><\/p>\n<p class=\"s3\"><span class=\"s2\">Isparta Ticaret Borsas\u0131 olarak, tar\u0131m \u00fcr\u00fcnlerinin uluslararas\u0131 tan\u0131t\u0131m\u0131 ve pazar bulma faaliyetleri kapsam\u0131nda, Isparta&#8217;da \u00f6\u011frenim g\u00f6ren 29 \u00fclkeden 57 yabanc\u0131 uyruklu \u00f6\u011frenciyle i\u015f birli\u011fi yaparak Ticaret El\u00e7ileri Projesi&#8217;ni ba\u015flatt\u0131k. <\/span><\/p>\n<p class=\"s3\"><span class=\"s2\">Isparta\u2019n\u0131n katma de\u011feri y\u00fcksek olan \u00fcr\u00fcnleri aras\u0131nda yer alan Isparta G\u00fclya\u011f\u0131, Isparta G\u00fcl Suyu ve Isparta Elmas\u0131n\u0131n Co\u011frafi \u0130\u015faret Tescil belgesini alarak tan\u0131t\u0131m\u0131n\u0131 ve ihracat\u0131n\u0131 art\u0131rmak i\u00e7in \u00e7al\u0131\u015fmalar y\u00fcr\u00fctmekteyiz. \u00a0Ayn\u0131 zamanda Isparta <\/span><span class=\"s2\">G\u00fclya\u011f\u0131n\u0131n<\/span><span class=\"s2\"> Avrupa Birli\u011fi<\/span><span class=\"s2\"> Co\u011frafi \u0130\u015faret ba\u015fvurusu yapt\u0131k<\/span><span class=\"s2\"> ve \u00e7al\u0131\u015fmalar\u0131m\u0131z da devam etmektedir. <\/span><\/p>\n<p class=\"s3\"><span class=\"s2\">Bu kapsamda, 6 dilde haz\u0131rlanan Isparta Elmas\u0131 tan\u0131t\u0131m filmleri d\u00fcnya genelindeki T\u00fcrk <\/span><span class=\"s2\">b\u00fcy\u00fckel\u00e7iliklerine ula\u015ft\u0131rd\u0131k <\/span><span class=\"s2\">ve Google \u00fczerinden reklam \u00e7al\u0131\u015fmalar\u0131<\/span><span class=\"s2\">n\u0131 yapt\u0131k.<\/span><span class=\"s2\"> 6 \u00fclkede oynat\u0131m\u0131n\u0131 yapt\u0131r\u0131yoruz ve <\/span><span class=\"s2\">\u015fu ana<\/span><span class=\"s2\"> kadar 1.5 milyondan fazla izlenmeye ula\u015ft\u0131k. Bunun Isparta Elmam\u0131za \u00e7ok b\u00fcy\u00fck bir katk\u0131 sa\u011flayaca\u011f\u0131n\u0131 d\u00fc\u015f\u00fcnmekteyiz. Ayr\u0131ca haz\u0131rlatt\u0131\u011f\u0131m\u0131z Do\u011fal G\u00fcl Suyu tan\u0131t\u0131m filmiyle de sentetik g\u00fcl \u00fcr\u00fcnleri aras\u0131ndaki fark\u0131 ortaya koyduk. Bu film ile hem t\u00fcketicinin bilin\u00e7lenmesini sa\u011flamak hem de Isparta Do\u011fal G\u00fclsuyuna de\u011fer katmak amac\u0131yla yola \u00e7\u0131kt\u0131k. Do\u011fal g\u00fcl suyu tan\u0131t\u0131m filmimiz \u015fu anda internette yay\u0131nda ve b\u00fcy\u00fck ilgi g\u00f6rmektedir. Bu ilginin devam ederek Isparta\u2019n\u0131n de\u011ferli do\u011fal g\u00fclsuyunun hak etti\u011fi yeri bulmas\u0131n\u0131 diliyoruz.<\/span><\/p>\n<p class=\"s3\"><span class=\"s2\">Isparta tar\u0131m\u0131na y\u00f6n veren payda\u015flarla ayl\u0131k toplant\u0131lar d\u00fczenleyerek, sekt\u00f6r\u00fcn sorunlar\u0131 ve \u00e7\u00f6z\u00fcm \u00f6nerilerini de\u011ferlendiren Tar\u0131m Payda\u015flar\u0131 grubu olu\u015fturduk.<\/span><\/p>\n<p class=\"s3\"><span class=\"s2\">B\u00f6lgedeki s\u00fct \u00fcreticilerine hizmet vermek amac\u0131yla modern bir s\u00fct analiz laboratuvar\u0131n\u0131n kurulmas\u0131 i\u00e7in ba\u015flatt\u0131\u011f\u0131m\u0131z proje \u00e7al\u0131\u015fmalar\u0131m\u0131zda devam etmektedir. <\/span><\/p>\n<p class=\"s4\"><span class=\"s2\">Tar\u0131m ve K\u0131rsal Kalk\u0131nmay\u0131 Destekleme Kurumu taraf\u0131ndan y\u00fcr\u00fct\u00fclen IPARD program\u0131nda 10.000 m\u00b3 \u00fcst s\u0131n\u0131r\u0131<\/span><span class=\"s2\">n\u0131n<\/span> <span class=\"s2\">kald\u0131r\u0131lmas\u0131 y\u00f6n\u00fcnde<\/span><span class=\"s2\"> il m\u00fcd\u00fcrl\u00fckleri ve bakanl\u0131k nezdindeki giri\u015fimlerimiz devam <\/span><span class=\"s2\">etmektedir. <\/span><\/p>\n<p class=\"s4\"><span class=\"s2\">Isparta, y\u0131ll\u0131k 26 bin ton kiraz ihracat\u0131 ile \u00fclkemizin kiraz ihracat\u0131nda %30&#8217;luk bir paya sahip, \u00fcretimde \u00f6nemli bir rol oynamaktad\u0131r. \u00dcretici fiyatlar\u0131nda ya\u015fanan s\u0131k\u0131nt\u0131lar\u0131n a\u015f\u0131labilmesi ve Avrupa&#8217;ya ba\u011f\u0131ml\u0131l\u0131\u011f\u0131n azalt\u0131lmas\u0131 amac\u0131yla \u00c7in pazar\u0131n\u0131n a\u00e7\u0131lmas\u0131 y\u00f6n\u00fcnde giri\u015fimlerde bulunulmu\u015ftur. Ayr\u0131ca, Uzak Do\u011fu pazar\u0131nda daha aktif olabilmek ad\u0131na u\u00e7ak kargo fiyatlar\u0131n\u0131n d\u00fc\u015f\u00fcr\u00fclmesi i\u00e7in \u00e7\u00f6z\u00fcm odakl\u0131 \u00e7al\u0131\u015fmalar\u0131m\u0131z\u0131 s\u00fcrd\u00fcrmekteyiz.<\/span><\/p>\n<p class=\"s3\"><span class=\"s2\">Elmada, \u00f6zellikle M\u0131s\u0131r gibi pazarlara y\u00f6nelik elma ihracat\u0131nda ki g\u00fcmr\u00fck vergilerinin kald\u0131r\u0131lmas\u0131 ve yeni pazarlar bulunmas\u0131 amac\u0131yla \u00e7al\u0131\u015fmalar y\u00fcr\u00fctmekteyiz ve M\u0131s\u0131r&#8217;a elma ihracat\u0131n\u0131n ba\u015flamas\u0131 y\u00f6n\u00fcnde bakanl\u0131k nezdinde lobicilik faaliyetlerimiz devam etmektedir. <\/span><\/p>\n<p class=\"s3\"><span class=\"s2\">Isparta\u2019n\u0131n ihracat\u0131n\u0131n art\u0131r\u0131lmas\u0131na y\u00f6nelik Borsam\u0131z\u0131n yapt\u0131\u011f\u0131 giri\u015fim<\/span><span class=\"s2\">ler sonu\u00e7 vermeye ba\u015flad\u0131. Bu kapsamda,<\/span><span class=\"s2\"> S\u00fcleyman Demirel Havaliman\u0131\u2019n\u0131n u\u00e7ak kargo ta\u015f\u0131mac\u0131l\u0131\u011f\u0131na ba\u015flamas\u0131 i\u00e7in Ula\u015ft\u0131rm<\/span><span class=\"s2\">a Bakanl\u0131\u011f\u0131\u2019ndan onay al\u0131nd\u0131.<\/span><span class=\"s2\"> \u0130hracat\u00e7\u0131lar\u0131m\u0131z art\u0131k u\u00e7ak kargo firmalar\u0131 ile anla\u015farak, \u00fcr\u00fcnlerini Isparta\u2019dan direk yurt d\u0131\u015f\u0131na g\u00f6nderebilecekler.<\/span><\/p>\n<p class=\"s3\"><span class=\"s2\">G\u00fcn\u00fcm\u00fcz ko\u015fullar\u0131nda tar\u0131msal \u00fcretimde para kazanman\u0131n yolu verimlili\u011fi ve kaliteyi artt\u0131rmaktan ge\u00e7mektedir. Bunun i\u00e7inde fuarlar bir ad\u0131md\u0131r. Fuarlar \u00fcretici ile sat\u0131c\u0131y\u0131, \u00fcreticiyle bilgi kaynaklar\u0131n\u0131 bulu\u015fturma, yeni teknolojiyle tan\u0131\u015ft\u0131rmak i\u00e7in \u00f6nemli bir rol oynar.<\/span> <span class=\"s2\">Her y\u0131l d\u00fczenledi\u011fimiz ve bu sene<\/span><span class=\"s2\">de<\/span><span class=\"s2\">19&#8217;uncusu tamamlanan G\u00f6ller B\u00f6lgesi Yayla \u015eartlar\u0131nda Tar\u0131m ve Hayvanc\u0131l\u0131k <\/span><span class=\"s2\">Fuar\u0131m\u0131z<\/span><span class=\"s2\"> 82 firma ve 200 marka ile ziyaret\u00e7ilerimiz ile bulu\u015ftu. Ge\u00e7en sene ba\u015flatm\u0131\u015f oldu\u011fumuz \u201cTARIMDA B\u0130LG\u0130 HER\u015eEYD\u0130R\u201d slogan\u0131yla Bilimsel S\u00f6yle\u015filer b\u00f6l\u00fcm\u00fcm\u00fcz ile \u00e7ift\u00e7ilerimize ve ihracat\u00e7\u0131lar\u0131m\u0131za bilgi payla\u015f\u0131m\u0131nda bulunduk.<\/span><\/p>\n<p class=\"s3\"><span class=\"s2\">Fuar\u0131m\u0131z, \u015fu anda b\u00f6lgesel bir fuar olarak faaliyetini s\u00fcrd\u00fcrmekle beraber, biz \u00e7al\u0131\u015fmalar\u0131m\u0131z\u0131 daha da ileri boyutlara ta\u015f\u0131yarak, Isparta Tar\u0131m Fuar\u0131&#8217;n\u0131 ulusal fuarlar aras\u0131na katmay\u0131 hedefliyoruz.<\/span><\/p>\n","protected":false},"excerpt":{"rendered":"<p>T\u00fcrkiye\u2019nin bereketli topraklar\u0131, tarih boyunca bir\u00e7ok medeniyete hayat vermi\u015ftir. Bu miras\u0131n \u00f6nemli temsilcilerinden biri de Isparta\u2019d\u0131r. Isparta, T\u00fcrkiye&#8217;nin Akdeniz B\u00f6lgesi&#8217;nde yer alan ve \u00f6zellikle g\u00fcl\u00fc ile tan\u0131nan bir ildir. Bu nedenle &#8220;G\u00fcller Diyar\u0131&#8221; olarak an\u0131l\u0131r. Isparta, tar\u0131msal zenginlikleri ve yenilik\u00e7i \u00fcretim y\u00f6ntemleriyle T\u00fcrkiye\u2019nin en \u00f6nemli tar\u0131m \u015fehirlerinden biri olarak \u00f6ne \u00e7\u0131kar. Bug\u00fcn, bu sekt\u00f6r yaln\u0131zca [&hellip;]<\/p>\n","protected":false},"author":1,"featured_media":506,"comment_status":"open","ping_status":"closed","sticky":false,"template":"","format":"standard","meta":{"footnotes":"","jetpack_publicize_message":"","jetpack_publicize_feature_enabled":true,"jetpack_social_post_already_shared":false,"jetpack_social_options":{"image_generator_settings":{"template":"highway","default_image_id":0,"font":"","enabled":false},"version":2}},"categories":[99,30,155],"tags":[345,347,349],"ppma_author":[153],"class_list":{"0":"post-505","1":"post","2":"type-post","3":"status-publish","4":"format-standard","5":"has-post-thumbnail","7":"category-4-sayi","8":"category-baskanlardan","9":"category-isparta","10":"tag-bereketli-tr","11":"tag-topraklari-tr","12":"tag-turkiyenin-tr"},"jetpack_publicize_connections":[],"authors":[{"term_id":153,"user_id":0,"is_guest":1,"slug":"hudai-sahin","display_name":"H\u00fcdai \u015eAH\u0130N","avatar_url":{"url":"https:\/\/freshturkiyemagazine.com\/wp-content\/uploads\/2025\/01\/HU\u0308DAI\u0307-S\u0327AHI\u0307N.jpg","url2x":"https:\/\/freshturkiyemagazine.com\/wp-content\/uploads\/2025\/01\/HU\u0308DAI\u0307-S\u0327AHI\u0307N.jpg"},"0":null,"1":"","2":"","3":"","4":"","5":"","6":"","7":"","8":""}],"_links":{"self":[{"href":"https:\/\/freshturkiyemagazine.com\/index.php\/wp-json\/wp\/v2\/posts\/505","targetHints":{"allow":["GET"]}}],"collection":[{"href":"https:\/\/freshturkiyemagazine.com\/index.php\/wp-json\/wp\/v2\/posts"}],"about":[{"href":"https:\/\/freshturkiyemagazine.com\/index.php\/wp-json\/wp\/v2\/types\/post"}],"author":[{"embeddable":true,"href":"https:\/\/freshturkiyemagazine.com\/index.php\/wp-json\/wp\/v2\/users\/1"}],"replies":[{"embeddable":true,"href":"https:\/\/freshturkiyemagazine.com\/index.php\/wp-json\/wp\/v2\/comments?post=505"}],"version-history":[{"count":5,"href":"https:\/\/freshturkiyemagazine.com\/index.php\/wp-json\/wp\/v2\/posts\/505\/revisions"}],"predecessor-version":[{"id":950,"href":"https:\/\/freshturkiyemagazine.com\/index.php\/wp-json\/wp\/v2\/posts\/505\/revisions\/950"}],"wp:featuredmedia":[{"embeddable":true,"href":"https:\/\/freshturkiyemagazine.com\/index.php\/wp-json\/wp\/v2\/media\/506"}],"wp:attachment":[{"href":"https:\/\/freshturkiyemagazine.com\/index.php\/wp-json\/wp\/v2\/media?parent=505"}],"wp:term":[{"taxonomy":"category","embeddable":true,"href":"https:\/\/freshturkiyemagazine.com\/index.php\/wp-json\/wp\/v2\/categories?post=505"},{"taxonomy":"post_tag","embeddable":true,"href":"https:\/\/freshturkiyemagazine.com\/index.php\/wp-json\/wp\/v2\/tags?post=505"},{"taxonomy":"author","embeddable":true,"href":"https:\/\/freshturkiyemagazine.com\/index.php\/wp-json\/wp\/v2\/ppma_author?post=505"}],"curies":[{"name":"wp","href":"https:\/\/api.w.org\/{rel}","templated":true}]}}